{"id":2405,"date":"2018-12-26T11:58:50","date_gmt":"2018-12-26T09:58:50","guid":{"rendered":"https:\/\/www.parkinsonysalud.com\/?p=2405"},"modified":"2026-01-15T18:41:42","modified_gmt":"2026-01-15T16:41:42","slug":"alzheimertest","status":"publish","type":"post","link":"https:\/\/www.parkinsonysalud.com\/de\/alzheimertest\/","title":{"rendered":"Alzheimertest"},"content":{"rendered":"<p>Die Abnahme der Kapazit\u00e4t des Ged\u00e4chtnis kann als normales Altersmerkmal auftreten, sie kann jedoch auch ein Zeichen von Alzheimer sein.<\/p>\n<p>Bis jetzt ist die Krankheit nicht heilbar, aber mit Hilfe eines Alzheimertests kann eine fr\u00fche Diagnose gestellt werden und mit Hilfe der Ohrmuschel -Therapie, eine alternative Therapie, Lebensqualit\u00e4t zur\u00fcckgewonnen werden.<\/p>\n<p>Selbstverst\u00e4ndlich ersetzt der Alzheimertest die Diagnose eines Facharztes nicht, aber er l\u00e4sst die Tendenz des Patienten erkennen.<\/p>\n<p>Das ist zweifellos eine gro\u00dfe Hilfe, da eine Vielzahl neurologischer Erkrankungen wegen der Folgen, unter denen die Betroffenen leiden, nicht klar definiert werden k\u00f6nnen.<\/p>\n<p>Nun ist die Frage, ob der kognitive Test zum Erkennen der Krankheit zuverl\u00e4ssig ist und die Kombination dieser Befragung und den medizinischen Analysen die von Spezialisten durchgef\u00fchrt werden, die Grundlage f\u00fcr eine endg\u00fcltige, eindeutige Antwort ist.<\/p>\n<h2><strong>Alzheimertest &#8211; 10 Fragen<\/strong><\/h2>\n<p><img fetchpriority=\"high\" decoding=\"async\" class=\"alignnone wp-image-2406 size-full\" title=\"alzheimertest\" src=\"https:\/\/www.parkinsonysalud.com\/wp-content\/uploads\/2018\/12\/alzheimertest-10-fragen.jpg\" alt=\"alzheimertest 10 fragen\" width=\"932\" height=\"420\" srcset=\"https:\/\/www.parkinsonysalud.com\/wp-content\/uploads\/2018\/12\/alzheimertest-10-fragen.jpg 932w, https:\/\/www.parkinsonysalud.com\/wp-content\/uploads\/2018\/12\/alzheimertest-10-fragen-300x135.jpg 300w, https:\/\/www.parkinsonysalud.com\/wp-content\/uploads\/2018\/12\/alzheimertest-10-fragen-768x346.jpg 768w\" sizes=\"(max-width: 932px) 100vw, 932px\" \/><\/p>\n<p><strong>Der Alzheimertest wurde von einem Neurologen namens James Galvin entwickelt,<\/strong> der durch 10 grundlegende Fragen, jede mit f\u00fcnf Optionen, eine Methode zur Ermittlung kognitiver Ver\u00e4nderung etabliert.<\/p>\n<p>Es ist wichtig zu betonen, dass dies kein endg\u00fcltiger Test ist, sondern dem behandelnden Arzt eine Orientierungsm\u00f6glichkeit bietet um mit weiteren Untersuchungen fortfahren zu k\u00f6nnen.<\/p>\n<p>Obwohl der Alzheimer-Test in verschiedenen Kliniken vorgestellt worden ist, sind die Neurologen nicht dazu verpflichtet diesen in ihrer Praxis anzuwenden.<\/p>\n<p>Aus diesem Grund, steht er Angeh\u00f6rigen und Betreuern zur Verf\u00fcgung, die die M\u00f6glichkeit haben ihn bei der betroffenen Person anzuwenden, um so eine Einsch\u00e4tzung des Problems und der Phase in der sich der Betroffene befindet, bekommen zu k\u00f6nnen.<\/p>\n<p>Der <strong>Alzheimer-Test besteht aus mehreren Fragen, die Segmente<\/strong> wie Ged\u00e4chtnis, Kommunikation, Hygiene, Orientierung, Aufmerksamkeit und Konkretion ber\u00fccksichtigen. Bewertet wird von 0 bis 30, wobei die niedrigste Zahl ganz klar bedeutet, dass die Wahrscheinlichkeit, dass dieser geliebte Mensch an Alzheimer leidet sehr hoch ist; trotzdem sollte der Arzt sich die Antworten anschauen um zu wissen was jetzt zu tun ist.<\/p>\n<p>Eine der gro\u00dfen Schw\u00e4chen des Alzheimertests ist, dass die von der Person gew\u00e4hlten Optionen im Fragebogen nicht eindeutig genug sind, weil keine Details ber\u00fccksichtigt werden, weshalb es schwierig ist Probleme zu erkennen die nicht genau aufgef\u00fchrt werden oder es seien kann, dass vorhandene Symptome die den Betroffenen im Alltag beeintr\u00e4chtigen nicht erkannt werden.<\/p>\n<p>Die gute Nachricht ist, dass keine Kosten entstehen wenn kein Problem beim durchf\u00fchren des Tests auftritt, wie Galvin den Medien erkl\u00e4rte.<\/p>\n<p>Andernfalls k\u00f6nnen, falls diese Krankheit vorliegt, <strong>erste Stadien von Alzheimer<\/strong> nachgewiesen werden.<\/p>\n<p>Die Wahrscheinlichkeit, dass die Interventionen wirksam sind, ist dann h\u00f6her.<\/p>\n<h2><strong>Medizinische<\/strong><strong> Untersuchungen um Alzheimer zu diagnostizieren <\/strong><\/h2>\n<p>Durch die sorgf\u00e4ltige Ausarbeitung der medizinischen Vorgeschichte und nachdem alle relevanten Ver\u00e4nderungen, die durch einen Informanten (Verwandte oder Betreuer) kommuniziert wurden, best\u00e4tigt worden sind, werden weitere erg\u00e4nzende Tests durchgef\u00fchrt. Das kann beispielsweise <strong>eine Analyse der Blutwerte, ein MRT oder ein Scanner sein<\/strong>, um andere Ursachen und Erkrankungen (Tumore, Infektionen usw.) auszuschlie\u00dfen.<\/p>\n<p>Au\u00dferdem wird eine <strong>Analyse der Cerebrospinalfl<\/strong><strong>\u00fc<\/strong><strong>ssigkeit<\/strong> durchgef\u00fchrt, bei der gepr\u00fcft wird, ob das f\u00fcr diese Erkrankung spezifische Tau-Protein vorhanden ist oder nicht. Dabei handelt es sich nicht um eine endg\u00fcltige Diagnose, sondern um eine Hilfe, die vorhandene Erkrankung von anderen Demenz-Ursachen unterscheiden zu k\u00f6nnen.<\/p>\n<p>Bislang gibt es noch keinen Labortest der eine eindeutige, definitive Diagnose m\u00f6glich macht. Deshalb ist es au\u00dferdem empfehlenswert den behandelnden Arzt zu informieren falls Sie einen direkten Verwandten haben, der an Alzheimer erkrankt ist, da das die Wahrscheinlichkeit einer Erkrankung deutlich erh\u00f6ht.<\/p>\n<p>Bei jedem Verdacht, ist einen Arzt diesbez\u00fcglich um Rat und Unterst\u00fctzung zu fragen, in jedem Falle die beste Entscheidung.<\/p>\n<p>Im Zentrum f\u00fcr neuro-regenerative Medizin bieten wir eine <strong>alternative Alzheimerbehandlung <\/strong>an, die allen Betroffenen Hoffnung schenkt.<\/p>\n","protected":false},"excerpt":{"rendered":"<p>Die Abnahme der Kapazit\u00e4t des Ged\u00e4chtnis kann als normales Altersmerkmal auftreten, sie kann jedoch auch ein Zeichen von Alzheimer sein. Bis jetzt ist die Krankheit nicht heilbar, aber mit Hilfe eines Alzheimertests kann eine fr\u00fche Diagnose gestellt werden und mit Hilfe der Ohrmuschel -Therapie, eine alternative Therapie, Lebensqualit\u00e4t zur\u00fcckgewonnen werden. Selbstverst\u00e4ndlich ersetzt der Alzheimertest die [&hellip;]<\/p>\n","protected":false},"author":2,"featured_media":11825,"comment_status":"open","ping_status":"closed","sticky":false,"template":"","format":"standard","meta":{"site-sidebar-layout":"default","site-content-layout":"","ast-site-content-layout":"default","site-content-style":"default","site-sidebar-style":"default","ast-global-header-display":"","ast-banner-title-visibility":"","ast-main-header-display":"","ast-hfb-above-header-display":"","ast-hfb-below-header-display":"","ast-hfb-mobile-header-display":"","site-post-title":"","ast-breadcrumbs-content":"","ast-featured-img":"","footer-sml-layout":"","ast-disable-related-posts":"","theme-transparent-header-meta":"","adv-header-id-meta":"","stick-header-meta":"","header-above-stick-meta":"","header-main-stick-meta":"","header-below-stick-meta":"","astra-migrate-meta-layouts":"default","ast-page-background-enabled":"default","ast-page-background-meta":{"desktop":{"background-color":"","background-image":"","background-repeat":"repeat","background-position":"center center","background-size":"auto","background-attachment":"scroll","background-type":"","background-media":"","overlay-type":"","overlay-color":"","overlay-opacity":"","overlay-gradient":""},"tablet":{"background-color":"","background-image":"","background-repeat":"repeat","background-position":"center center","background-size":"auto","background-attachment":"scroll","background-type":"","background-media":"","overlay-type":"","overlay-color":"","overlay-opacity":"","overlay-gradient":""},"mobile":{"background-color":"","background-image":"","background-repeat":"repeat","background-position":"center center","background-size":"auto","background-attachment":"scroll","background-type":"","background-media":"","overlay-type":"","overlay-color":"","overlay-opacity":"","overlay-gradient":""}},"ast-content-background-meta":{"desktop":{"background-color":"var(--ast-global-color-5)","background-image":"","background-repeat":"repeat","background-position":"center center","background-size":"auto","background-attachment":"scroll","background-type":"","background-media":"","overlay-type":"","overlay-color":"","overlay-opacity":"","overlay-gradient":""},"tablet":{"background-color":"var(--ast-global-color-5)","background-image":"","background-repeat":"repeat","background-position":"center center","background-size":"auto","background-attachment":"scroll","background-type":"","background-media":"","overlay-type":"","overlay-color":"","overlay-opacity":"","overlay-gradient":""},"mobile":{"background-color":"var(--ast-global-color-5)","background-image":"","background-repeat":"repeat","background-position":"center center","background-size":"auto","background-attachment":"scroll","background-type":"","background-media":"","overlay-type":"","overlay-color":"","overlay-opacity":"","overlay-gradient":""}},"footnotes":""},"categories":[116],"tags":[],"class_list":["post-2405","post","type-post","status-publish","format-standard","has-post-thumbnail","hentry","category-ewige-nadel-therapie"],"_links":{"self":[{"href":"https:\/\/www.parkinsonysalud.com\/de\/wp-json\/wp\/v2\/posts\/2405","targetHints":{"allow":["GET"]}}],"collection":[{"href":"https:\/\/www.parkinsonysalud.com\/de\/wp-json\/wp\/v2\/posts"}],"about":[{"href":"https:\/\/www.parkinsonysalud.com\/de\/wp-json\/wp\/v2\/types\/post"}],"author":[{"embeddable":true,"href":"https:\/\/www.parkinsonysalud.com\/de\/wp-json\/wp\/v2\/users\/2"}],"replies":[{"embeddable":true,"href":"https:\/\/www.parkinsonysalud.com\/de\/wp-json\/wp\/v2\/comments?post=2405"}],"version-history":[{"count":0,"href":"https:\/\/www.parkinsonysalud.com\/de\/wp-json\/wp\/v2\/posts\/2405\/revisions"}],"wp:featuredmedia":[{"embeddable":true,"href":"https:\/\/www.parkinsonysalud.com\/de\/wp-json\/wp\/v2\/media\/11825"}],"wp:attachment":[{"href":"https:\/\/www.parkinsonysalud.com\/de\/wp-json\/wp\/v2\/media?parent=2405"}],"wp:term":[{"taxonomy":"category","embeddable":true,"href":"https:\/\/www.parkinsonysalud.com\/de\/wp-json\/wp\/v2\/categories?post=2405"},{"taxonomy":"post_tag","embeddable":true,"href":"https:\/\/www.parkinsonysalud.com\/de\/wp-json\/wp\/v2\/tags?post=2405"}],"curies":[{"name":"wp","href":"https:\/\/api.w.org\/{rel}","templated":true}]}}